[{"@context":"https:\/\/schema.org\/","@type":"Article","@id":"https:\/\/www.vuanch.cz\/a-co-bavi-vas\/#Article","mainEntityOfPage":"https:\/\/www.vuanch.cz\/a-co-bavi-vas\/","headline":"A co bav\u00ed v\u00e1s?","name":"A co bav\u00ed v\u00e1s?","description":"Kdybychom m\u011bli my lid\u00e9 d\u011blat pouze to, co se d\u011blat mus\u00ed, byl by n\u00e1\u0161 \u017eivot hodn\u011b nez\u00e1\u017eivn\u00fd. Nem\u011bli bychom \u017e\u00e1dn\u00e9 pot\u011b\u0161en\u00ed, pokud by na\u0161e povinnosti nebyly z\u00e1rove\u0148 i t\u00edm, co d\u011bl\u00e1me r\u00e1di. A tak si sice pln\u00edme sv\u00e9 povinnosti, bez nich\u017e by to ne\u0161lo, ale ve voln\u00e9m \u010dase pak holdujeme i n\u011b\u010demu jin\u00e9mu. Ka\u017ed\u00fd podle ... <a title=\"A co bav\u00ed v\u00e1s?\" class=\"read-more\" href=\"https:\/\/www.vuanch.cz\/a-co-bavi-vas\/\">Read more<span class=\"screen-reader-text\">A co bav\u00ed v\u00e1s?<\/span><\/a>","datePublished":"2023-12-31","dateModified":"2023-12-31","author":{"@type":"Person","@id":"https:\/\/www.vuanch.cz\/author\/#Person","name":"","url":"https:\/\/www.vuanch.cz\/author\/","identifier":1,"image":{"@type":"ImageObject","@id":"https:\/\/secure.gravatar.com\/avatar\/5667bceccdce92893bac6a7981a373152a8b3fa0ab99c198ba0ac0b49a934248?s=96&d=mm&r=g","url":"https:\/\/secure.gravatar.com\/avatar\/5667bceccdce92893bac6a7981a373152a8b3fa0ab99c198ba0ac0b49a934248?s=96&d=mm&r=g","height":96,"width":96}},"publisher":{"@type":"Organization","name":"vuanch.cz","logo":{"@type":"ImageObject","@id":"\/logo.png","url":"\/logo.png","width":600,"height":60}},"image":{"@type":"ImageObject","@id":"https:\/\/www.vuanch.cz\/wp-content\/uploads\/kkk_8.jpg","url":"https:\/\/www.vuanch.cz\/wp-content\/uploads\/kkk_8.jpg","height":0,"width":0},"url":"https:\/\/www.vuanch.cz\/a-co-bavi-vas\/","about":["Hobby"],"wordCount":472,"articleBody":"Kdybychom m\u011bli my lid\u00e9 d\u011blat pouze to, co se d\u011blat mus\u00ed, byl by n\u00e1\u0161 \u017eivot hodn\u011b nez\u00e1\u017eivn\u00fd. Nem\u011bli bychom \u017e\u00e1dn\u00e9 pot\u011b\u0161en\u00ed, pokud by na\u0161e povinnosti nebyly z\u00e1rove\u0148 i t\u00edm, co d\u011bl\u00e1me r\u00e1di. A tak si sice pln\u00edme sv\u00e9 povinnosti, bez nich\u017e by to ne\u0161lo, ale ve voln\u00e9m \u010dase pak holdujeme i n\u011b\u010demu jin\u00e9mu. Ka\u017ed\u00fd podle sv\u00e9ho gusta, ka\u017ed\u00fd podle toho, co mu imponuje a co d\u011blat chce a m\u016f\u017ee.A je docela pochopiteln\u00e9, \u017ee ani j\u00e1 nejsem v\u00fdjimkou. I j\u00e1 jsem sv\u00e9 kon\u00ed\u010dky m\u011bl a m\u00e1m. Pouze se vyv\u00edjely spolu s\u00a0m\u00fdmi mo\u017enostmi, kter\u00e9 byly a jsou v\u00a0r\u016fzn\u00fdch etap\u00e1ch m\u00e9ho \u017eivota r\u016fzn\u00e9.Jako mal\u00fd jsem sb\u00edral mince a zn\u00e1mky z\u00a0ciz\u00edch zem\u00ed. Jednak proto, \u017ee jsem nemohl coby p\u0159\u00edli\u0161 mal\u00fd s\u00e1m cestovat, jednak proto, \u017ee bych tehdy nemohl moc cestovat ani jako velk\u00fd, proto\u017ee to bylo za dob socialismu, kdy se nikam po\u0159\u00e1dn\u011b cestovat nedalo. Ty zn\u00e1mky a mince mi tak byly jakousi kompenzac\u00ed. A \u010d\u00edm vzd\u00e1len\u011bj\u0161\u00ed a z\u00e1padn\u011bj\u0161\u00ed byly, t\u00edm l\u00edp. Pochopiteln\u011b.Pak jsem trocho vyrostl a m\u016fj kon\u00ed\u010dek s\u00a0t\u00edm. Na zn\u00e1mky a mince jsem se u\u017e zam\u011b\u0159oval m\u00e9n\u011b a pro zm\u011bnu v\u00edce skute\u010dn\u011b cestoval. Tak, jak se dalo, tedy hlavn\u011b s\u00a0kamar\u00e1dem a se spac\u00e1kem a f\u00f3li\u00ed do N\u011bmeck\u00e9 demokratick\u00e9 republiky. Co\u017e byla zem, kam jsem i jako neplnolet\u00fd cestovat mohl a kde to v\u00a0tehdej\u0161\u00edch \u010dasech st\u00e1lo relativn\u011b za to, aby se tam \u010dlov\u011bk pod\u00edval.A dnes? Dnes m\u00e1m doma po\u0159\u00e1d je\u0161t\u011b ony zn\u00e1mky a mince z\u00a0d\u011btstv\u00ed. Ale jsou zalo\u017een\u00e9 ve sk\u0159\u00edni a vzpomenu si na n\u011b jen v\u00fdjime\u010dn\u011b. Proto\u017ee u\u017e je nepot\u0159ebuji, abych nad nimi snil o ciz\u00edch kraj\u00edch. Vyrost jsem, za\u010dal si vyd\u011bl\u00e1vat, v\u00a0dev\u011btaosmdes\u00e1t\u00e9m roce jsem si vycinkal kl\u00ed\u010di volnost a dnes u\u017e se tedy nemus\u00edm omezovat. A tak cestuji skute\u010dn\u011b. Co\u017e je m\u016fj nejv\u011bt\u0161\u00ed kon\u00ed\u010dek. Kter\u00e9ho bych se za \u017e\u00e1dnou cenu nevzdal.U\u017e zn\u00e1m z\u00e1pad Evropy, Ameriku i Afriku, ba mihnul jsem se i v\u00a0Asii. Jenom Austr\u00e1lie mi je\u0161t\u011b chyb\u00ed, tak dlouh\u00fd let bych jen t\u011b\u017eko used\u011bl v\u00a0letadlech. Ale kdo v\u00ed? T\u0159eba se i tam jednou pod\u00edv\u00e1m. V\u017edy\u0165 jako d\u00edt\u011b jsem ani nep\u0159edpokl\u00e1dal, \u017ee bych se n\u011bkdy dostal n\u011bkam d\u00e1l do sv\u011bta. A vid\u00edte, jak jsem se m\u00fdlil.                                                                                                                                                                                                                                                                                                                                                                                        4.5\/5 - (4 votes)        "},{"@context":"https:\/\/schema.org\/","@type":"BreadcrumbList","itemListElement":[{"@type":"ListItem","position":1,"name":"A co bav\u00ed v\u00e1s?","item":"https:\/\/www.vuanch.cz\/a-co-bavi-vas\/#breadcrumbitem"}]}]