[{"@context":"https:\/\/schema.org\/","@type":"Article","@id":"https:\/\/www.vuanch.cz\/moderni-doba-je-preproduktovana\/#Article","mainEntityOfPage":"https:\/\/www.vuanch.cz\/moderni-doba-je-preproduktovana\/","headline":"Modern\u00ed doba je p\u0159eproduktovan\u00e1","name":"Modern\u00ed doba je p\u0159eproduktovan\u00e1","description":"Zamysleli jste se n\u011bkdy nad t\u00edm, jak\u00e9 ty to asi bylo, kdybychom nem\u011bli k dispozici n\u011bkter\u00e9 produkty, kter\u00e9 jsou ji\u017e v dom\u00e1cnostech pova\u017eov\u00e1ny za nutnost, a jsme na n\u011b denn\u011b zvykl\u00ed? \u010casto se jedn\u00e1 o takov\u00e9 produkty, jejich\u017e p\u0159\u00edtomnost u\u017e ani nevn\u00edm\u00e1me. P\u0159eproduktovanost m\u016f\u017eeme naj\u00edt nap\u0159\u00edklad u za\u0159\u00edzen\u00ed jako je ledni\u010dka, my\u010dka nebo pra\u010dka. Tyto ... <a title=\"Modern\u00ed doba je p\u0159eproduktovan\u00e1\" class=\"read-more\" href=\"https:\/\/www.vuanch.cz\/moderni-doba-je-preproduktovana\/\">Read more<span class=\"screen-reader-text\">Modern\u00ed doba je p\u0159eproduktovan\u00e1<\/span><\/a>","datePublished":"2018-08-23","dateModified":"2018-08-23","author":{"@type":"Person","@id":"https:\/\/www.vuanch.cz\/author\/#Person","name":"","url":"https:\/\/www.vuanch.cz\/author\/","identifier":1,"image":{"@type":"ImageObject","@id":"https:\/\/secure.gravatar.com\/avatar\/5667bceccdce92893bac6a7981a373152a8b3fa0ab99c198ba0ac0b49a934248?s=96&d=mm&r=g","url":"https:\/\/secure.gravatar.com\/avatar\/5667bceccdce92893bac6a7981a373152a8b3fa0ab99c198ba0ac0b49a934248?s=96&d=mm&r=g","height":96,"width":96}},"publisher":{"@type":"Organization","name":"vuanch.cz","logo":{"@type":"ImageObject","@id":"\/logo.png","url":"\/logo.png","width":600,"height":60}},"image":{"@type":"ImageObject","@id":"https:\/\/www.vuanch.cz\/wp-content\/uploads\/img_a322287_w2061_t1533842956.jpg","url":"https:\/\/www.vuanch.cz\/wp-content\/uploads\/img_a322287_w2061_t1533842956.jpg","height":0,"width":0},"url":"https:\/\/www.vuanch.cz\/moderni-doba-je-preproduktovana\/","wordCount":465,"articleBody":"Zamysleli jste se n\u011bkdy nad t\u00edm, jak\u00e9 ty to asi bylo, kdybychom nem\u011bli k dispozici n\u011bkter\u00e9 produkty, kter\u00e9 jsou ji\u017e v dom\u00e1cnostech pova\u017eov\u00e1ny za nutnost, a jsme na n\u011b denn\u011b zvykl\u00ed? \u010casto se jedn\u00e1 o takov\u00e9 produkty, jejich\u017e p\u0159\u00edtomnost u\u017e ani nevn\u00edm\u00e1me. P\u0159eproduktovanost  m\u016f\u017eeme naj\u00edt nap\u0159\u00edklad u za\u0159\u00edzen\u00ed jako je ledni\u010dka, my\u010dka nebo pra\u010dka. Tyto spot\u0159ebi\u010de m\u00e1 doma snad \u00fapln\u011b ka\u017ed\u00fd a nav\u00edc je je\u0161t\u011b pou\u017e\u00edv\u00e1 denn\u011b. Dovedete si ale p\u0159edstavit, kde byste skladovali potraviny, kdyby lednice neexistovala? A i p\u0159esto v\u0161echno na\u0161e babi\u010dky ledni\u010dku v\u016fbec neznaly. D\u0159\u00edve se toti\u017e v zim\u011b d\u00e1valy potraviny, kter\u00e9 se kazily za okno a v l\u00e9t\u011b se d\u00e1valy do sklep\u016f. V t\u00e9 dob\u011b je\u0161t\u011b neexistovaly ani pra\u010dky, kter\u00e9 n\u00e1m je\u0161t\u011b mnohdy usnadn\u00ed pr\u00e1ci se su\u0161en\u00edm. D\u0159\u00edve se vyu\u017e\u00edvala pro n\u00e1s ji\u017e historick\u00e1 valcha. Kdyby tomu tak bylo i v dne\u0161n\u00ed dob\u011b, mnoho lid\u00ed by nemuselo nav\u0161t\u011bvovat ani fitness centrum. Bez my\u010dky se ale je\u0161t\u011b d\u00e1 obej\u00edt. N\u011bkte\u0159\u00ed si ale \u017eivot bez n\u00ed nedok\u00e1\u017eou v\u016fbec p\u0159edstavit. Nebo co takhle tablety, po\u010d\u00edta\u010de nebo mobiln\u00ed telefony? Mysl\u00edte si, \u017ee byste si je\u0161t\u011b dok\u00e1zali s n\u011bk\u00fdm domluvit sch\u016fzku bez mobiln\u00edho telefonu? Snad ka\u017ed\u00fd z n\u00e1s vyu\u017e\u00edv\u00e1 mobiln\u00ed telefon \u010di laptop denn\u011b. N\u011bkte\u0159\u00ed z n\u00e1s maj\u00ed dokonce v\u00edce mobiln\u00edch telefon\u016f s r\u016fzn\u00fdmi oper\u00e1tory. Je pravda, \u017ee tyto spot\u0159ebi\u010de dok\u00e1\u017e\u00ed zjednodu\u0161it n\u00e1\u0161 \u017eivot, ale n\u011bkdy m\u016f\u017eeme m\u00edt pocit, \u017ee jsme sp\u00ed\u0161e online ne\u017e offline. Dal\u0161\u00edmi takov\u00fdmi produkty jsou l\u00e9ky a l\u00e9\u010diva. Mo\u017en\u00e1 si \u0159\u00edk\u00e1te, \u017ee p\u0159ece l\u00e9ky nejsou nic \u0161patn\u00e9ho. N\u011bkter\u00e9 b\u00fdt nemus\u00ed, ale co takov\u00e9 nadm\u011brn\u00e9 u\u017e\u00edv\u00e1n\u00ed n\u011bkter\u00fdch l\u00e9k\u016f, jako jsou nap\u0159\u00edklad antidepresiva nebo antibiotika? Ruku na srdce, kdo z n\u00e1s si p\u0159i nemoci va\u0159\u00ed \u010daje z bylinek, kter\u00e9 jsou mnohdy \u00fa\u010dinn\u011bj\u0161\u00ed? V\u011bt\u0161ina lid\u00ed vym\u011bn\u00ed bylinky za paralen nebo ibalgin a od bolesti si ulev\u00ed. Neuv\u011bdomuj\u00ed si ale, \u017ee takov\u00e9 l\u00e9ky maj\u00ed dopad na \u017eivotn\u00ed prost\u0159ed\u00ed. Nen\u00ed tomu tak d\u00e1vno, kdy se n\u011bkter\u00e9 produkty nepou\u017e\u00edvaly v\u016fbec nebo pouze omezen\u011b. Je pravda, \u017ee doba velmi pokro\u010dila a to nejen vysp\u011blost\u00ed, ale tak\u00e9 technologicky. Stoj\u00ed ale za to se zamyslet nad t\u00edm, jestli nedoch\u00e1z\u00ed a\u017e k nadu\u017e\u00edv\u00e1n\u00ed n\u011b\u010deho, co by mohlo ovlivnit p\u0159\u00ed\u0161t\u00ed generace.                                                                                                                                                                                                                                                                                                                                                                                        4\/5 - (13 votes)        "},{"@context":"https:\/\/schema.org\/","@type":"BreadcrumbList","itemListElement":[{"@type":"ListItem","position":1,"name":"Modern\u00ed doba je p\u0159eproduktovan\u00e1","item":"https:\/\/www.vuanch.cz\/moderni-doba-je-preproduktovana\/#breadcrumbitem"}]}]