[{"@context":"https:\/\/schema.org\/","@type":"Article","@id":"https:\/\/www.vuanch.cz\/proc-jsou-auta-takovym-problemem-pro-zivotni-prostredi\/#Article","mainEntityOfPage":"https:\/\/www.vuanch.cz\/proc-jsou-auta-takovym-problemem-pro-zivotni-prostredi\/","headline":"Pro\u010d jsou auta takov\u00fdm probl\u00e9mem pro \u017eivotn\u00ed prost\u0159ed\u00ed","name":"Pro\u010d jsou auta takov\u00fdm probl\u00e9mem pro \u017eivotn\u00ed prost\u0159ed\u00ed","description":"O \u017eivotn\u00ed prost\u0159ed\u00ed se dnes za\u010d\u00edn\u00e1 zaj\u00edmat st\u00e1le v\u00edce lid\u00ed. V\u00a0tomto ohledu se pak \u010dasto mluv\u00ed o vlivu automobilov\u00e9 dopravy, a\u0165 u\u017e na kvalitu ovzdu\u0161\u00ed \u010di glob\u00e1ln\u00ed oteplov\u00e1n\u00ed. Je zde vid\u011bt nejr\u016fzn\u011bj\u0161\u00ed snahy tyto vlivy omezit, v\u00a0posledn\u00edch letech pak snahou o p\u0159echod na elektromobily. Mnoho lid\u00ed v\u0161ak pochybuje, \u017ee dopad, kter\u00fd automobily maj\u00ed, je skute\u010dn\u011b ... <a title=\"Pro\u010d jsou auta takov\u00fdm probl\u00e9mem pro \u017eivotn\u00ed prost\u0159ed\u00ed\" class=\"read-more\" href=\"https:\/\/www.vuanch.cz\/proc-jsou-auta-takovym-problemem-pro-zivotni-prostredi\/\">Read more<span class=\"screen-reader-text\">Pro\u010d jsou auta takov\u00fdm probl\u00e9mem pro \u017eivotn\u00ed prost\u0159ed\u00ed<\/span><\/a>","datePublished":"2023-09-28","dateModified":"2024-06-04","author":{"@type":"Person","@id":"https:\/\/www.vuanch.cz\/author\/#Person","name":"","url":"https:\/\/www.vuanch.cz\/author\/","identifier":1,"image":{"@type":"ImageObject","@id":"https:\/\/secure.gravatar.com\/avatar\/5667bceccdce92893bac6a7981a373152a8b3fa0ab99c198ba0ac0b49a934248?s=96&d=mm&r=g","url":"https:\/\/secure.gravatar.com\/avatar\/5667bceccdce92893bac6a7981a373152a8b3fa0ab99c198ba0ac0b49a934248?s=96&d=mm&r=g","height":96,"width":96}},"publisher":{"@type":"Organization","name":"vuanch.cz","logo":{"@type":"ImageObject","@id":"\/logo.png","url":"\/logo.png","width":600,"height":60}},"image":{"@type":"ImageObject","@id":"https:\/\/www.vuanch.cz\/wp-content\/uploads\/auto27_8.jpg","url":"https:\/\/www.vuanch.cz\/wp-content\/uploads\/auto27_8.jpg","height":0,"width":0},"url":"https:\/\/www.vuanch.cz\/proc-jsou-auta-takovym-problemem-pro-zivotni-prostredi\/","about":["Auto moto"],"wordCount":408,"articleBody":"O \u017eivotn\u00ed prost\u0159ed\u00ed se dnes za\u010d\u00edn\u00e1 zaj\u00edmat st\u00e1le v\u00edce lid\u00ed. V\u00a0tomto ohledu se pak \u010dasto mluv\u00ed o vlivu automobilov\u00e9 dopravy, a\u0165 u\u017e na kvalitu ovzdu\u0161\u00ed \u010di glob\u00e1ln\u00ed oteplov\u00e1n\u00ed. Je zde vid\u011bt nejr\u016fzn\u011bj\u0161\u00ed snahy tyto vlivy omezit, v\u00a0posledn\u00edch letech pak snahou o p\u0159echod na elektromobily. Mnoho lid\u00ed v\u0161ak pochybuje, \u017ee dopad, kter\u00fd automobily maj\u00ed, je skute\u010dn\u011b tak velk\u00fd.\u00a0\u00a0Je pravdou, \u017ee kdy\u017e srovn\u00e1me b\u011b\u017en\u00fd v\u016fz nap\u0159\u00edklad s\u00a0elektr\u00e1rnou \u010di tov\u00e1rnou, pak ta vyprodukuje mnohem v\u00edce spalin a zne\u010di\u0161\u0165uj\u00edc\u00edch l\u00e1tek. To je tak\u00e9 hlavn\u00ed argument, kter\u00fd zast\u00e1nci spalovac\u00edch motor\u016f pou\u017e\u00edvaj\u00ed. Ve srovn\u00e1n\u00ed se skute\u010dn\u011b velk\u00fdmi zne\u010di\u0161\u0165ovateli jsou zplodiny, kter\u00e9 automobil vyprodukuje, skute\u010dn\u011b zanedbateln\u00e9.\u00a0Ov\u0161em z\u00e1rove\u0148 je pravdou, \u017ee se zde nebere v\u00a0\u00favahu jeden velmi podstatn\u00fd faktor, a to celkov\u00fd po\u010det automobil\u016f. Ten toti\u017e neust\u00e1le roste, a nav\u00edc v\u00a0n\u011bkter\u00fdch zem\u00edch lid\u00e9 d\u00e1vaj\u00ed zna\u010dnou p\u0159ednost siln\u00fdm vozidl\u016fm typu SUV, jejich\u017e m\u00edra zne\u010di\u0161\u0165ov\u00e1n\u00ed ovzdu\u0161\u00ed je mnohem vy\u0161\u0161\u00ed. K\u00a0tomu lze nav\u00edc p\u0159idat i podvody u emisn\u00edch m\u011b\u0159en\u00ed, kter\u00e9 jsou \u010dast\u011bj\u0161\u00ed, ne\u017e bychom si mohli myslet. Najednou pak zjist\u00edme, \u017ee mno\u017estv\u00ed \u0161kodliv\u00fdch l\u00e1tek a sklen\u00edkov\u00fdch plyn\u016f, kter\u00e9 v\u0161echna auta za den vyprodukuj\u00ed, nen\u00ed zas a\u017e tak mal\u00e9.\u00a0\u00a0Samostatnou kapitolou je pak n\u00e1kladn\u00ed a kamionov\u00e1 doprava. I ta se s\u00a0postupuj\u00edc\u00ed globalizac\u00ed trhu neust\u00e1le roz\u0161i\u0159uje, a v\u0161ichni v\u00edme, \u017ee kamiony pat\u0159\u00ed k\u00a0nejv\u00edce zne\u010di\u0161\u0165uj\u00edc\u00edm typ\u016fm aut. Pokud se jich tedy bude po na\u0161ich silnic\u00edch proh\u00e1n\u011bt \u010d\u00edm d\u00e1l v\u00edce, m\u00edra \u0161kodlivin v\u00a0ovzdu\u0161\u00ed bude neust\u00e1le nar\u016fstat. Zvl\u00e1\u0161t\u011b kdy\u017e vezmeme v\u00a0\u00favahu, \u017ee na rozd\u00edl od osobn\u00edch automobil\u016f zde nen\u00ed \u017e\u00e1dn\u00fd pl\u00e1n, jak tyto emise sn\u00ed\u017eit.\u00a0Rozhodn\u011b bychom tedy nem\u011bli auta jako zdroj zne\u010di\u0161t\u011bn\u00ed podce\u0148ovat. Jist\u011b, neznamen\u00e1 to, \u017ee bychom si hned m\u011bli b\u011b\u017eet koupit elektrick\u00fd automobil, av\u0161ak p\u0159eci jen se m\u016f\u017eeme sna\u017eit omezit po\u010det sv\u00fdch j\u00edzd a sna\u017eit se co nejv\u00edce vyu\u017e\u00edvat hromadnou dopravu. T\u00edm na\u0161\u00ed planet\u011b prosp\u011bjeme nejv\u00edce.                                                                                                                                                                                                                                                                                                                                                                                        3.8\/5 - (6 votes)        "},{"@context":"https:\/\/schema.org\/","@type":"BreadcrumbList","itemListElement":[{"@type":"ListItem","position":1,"name":"Pro\u010d jsou auta takov\u00fdm probl\u00e9mem pro \u017eivotn\u00ed prost\u0159ed\u00ed","item":"https:\/\/www.vuanch.cz\/proc-jsou-auta-takovym-problemem-pro-zivotni-prostredi\/#breadcrumbitem"}]}]